{"id":706,"date":"2019-02-28T09:58:38","date_gmt":"2019-02-28T08:58:38","guid":{"rendered":"https:\/\/esvweil.de\/wp\/?p=706"},"modified":"2019-02-28T10:00:01","modified_gmt":"2019-02-28T09:00:01","slug":"einladung-zur-esv-jahresversammlung-2","status":"publish","type":"post","link":"https:\/\/esvweil.de\/wp\/2019\/02\/28\/einladung-zur-esv-jahresversammlung-2\/","title":{"rendered":"Einladung zur ESV Jahresversammlung"},"content":{"rendered":"<p><!--more-->Am Freitag, 29. M\u00e4rz findet die diesj\u00e4hrige Jahresversammlung des ESV Weil am Rhein 1926 e.V. statt. tatt. Der Vorstand l\u00e4d dazu alle Mitglieder des Vereins herzlich ein.<\/p>\n<p><a href=\"https:\/\/esvweil.de\/wp\/wp-content\/uploads\/2019\/02\/Einladung_Hauptversammlung_29.03.2019.pdf\" target=\"_blank\" rel=\"noopener\"><strong>Hier kommt \u00a0ihr zum Einladungsschreiben<\/strong><\/a><\/p>\n<p>&nbsp;<\/p>\n","protected":false},"excerpt":{"rendered":"","protected":false},"author":4,"featured_media":0,"comment_status":"closed","ping_status":"open","sticky":false,"template":"","format":"standard","meta":{"footnotes":""},"categories":[13],"tags":[],"class_list":["post-706","post","type-post","status-publish","format-standard","hentry","category-informationen","post-preview"],"_links":{"self":[{"href":"https:\/\/esvweil.de\/wp\/wp-json\/wp\/v2\/posts\/706","targetHints":{"allow":["GET"]}}],"collection":[{"href":"https:\/\/esvweil.de\/wp\/wp-json\/wp\/v2\/posts"}],"about":[{"href":"https:\/\/esvweil.de\/wp\/wp-json\/wp\/v2\/types\/post"}],"author":[{"embeddable":true,"href":"https:\/\/esvweil.de\/wp\/wp-json\/wp\/v2\/users\/4"}],"replies":[{"embeddable":true,"href":"https:\/\/esvweil.de\/wp\/wp-json\/wp\/v2\/comments?post=706"}],"version-history":[{"count":2,"href":"https:\/\/esvweil.de\/wp\/wp-json\/wp\/v2\/posts\/706\/revisions"}],"predecessor-version":[{"id":709,"href":"https:\/\/esvweil.de\/wp\/wp-json\/wp\/v2\/posts\/706\/revisions\/709"}],"wp:attachment":[{"href":"https:\/\/esvweil.de\/wp\/wp-json\/wp\/v2\/media?parent=706"}],"wp:term":[{"taxonomy":"category","embeddable":true,"href":"https:\/\/esvweil.de\/wp\/wp-json\/wp\/v2\/categories?post=706"},{"taxonomy":"post_tag","embeddable":true,"href":"https:\/\/esvweil.de\/wp\/wp-json\/wp\/v2\/tags?post=706"}],"curies":[{"name":"wp","href":"https:\/\/api.w.org\/{rel}","templated":true}]}}