{"id":1004,"date":"2021-06-07T22:00:00","date_gmt":"2021-06-07T20:00:00","guid":{"rendered":"https:\/\/esvweil.de\/wp\/?p=1004"},"modified":"2022-09-23T09:17:57","modified_gmt":"2022-09-23T07:17:57","slug":"francos-pizzeria-hat-wieder-auf","status":"publish","type":"post","link":"https:\/\/esvweil.de\/wp\/2021\/06\/07\/francos-pizzeria-hat-wieder-auf\/","title":{"rendered":"Francos Pizzeria hat wieder auf"},"content":{"rendered":"\n<figure class=\"wp-block-image size-large\"><img loading=\"lazy\" decoding=\"async\" width=\"1024\" height=\"498\" src=\"https:\/\/esvweil.de\/wp\/wp-content\/uploads\/2020\/06\/ESV_Pizza_Theke_1-1024x498.jpg\" alt=\"\" class=\"wp-image-1054\" srcset=\"https:\/\/esvweil.de\/wp\/wp-content\/uploads\/2020\/06\/ESV_Pizza_Theke_1-1024x498.jpg 1024w, https:\/\/esvweil.de\/wp\/wp-content\/uploads\/2020\/06\/ESV_Pizza_Theke_1-300x146.jpg 300w, https:\/\/esvweil.de\/wp\/wp-content\/uploads\/2020\/06\/ESV_Pizza_Theke_1-768x373.jpg 768w, https:\/\/esvweil.de\/wp\/wp-content\/uploads\/2020\/06\/ESV_Pizza_Theke_1-1536x747.jpg 1536w, https:\/\/esvweil.de\/wp\/wp-content\/uploads\/2020\/06\/ESV_Pizza_Theke_1-2048x996.jpg 2048w, https:\/\/esvweil.de\/wp\/wp-content\/uploads\/2020\/06\/ESV_Pizza_Theke_1-676x329.jpg 676w\" sizes=\"auto, (max-width: 1024px) 100vw, 1024px\" \/><\/figure>\n\n\n\n<p>Seit heute, Dienstag 07. Juni, hat Francos Pizzeria wieder ge\u00f6ffnet. Um den beh\u00f6rdlichen Auflagen gerecht zu werden, hat er bis auf Weiteres t\u00e4glich von 17.00-22.30 Uhr (sonntags bis 22.00 Uhr) und au\u00dfer montags und samstags, auch am Mittag, von 12-00-14.00 Uhr ge\u00f6ffnet. (s. unten)<\/p>\n\n\n\n<p>F\u00fcr Innenbereich und  Au\u00dfenbereich entf\u00e4llt die Testpflicht.<\/p>\n\n\n\n<h2 class=\"wp-block-heading\" id=\"cc-m-header-15397067424\">Telefonische Reservierung<\/h2>\n\n\n\n<h5 class=\"wp-block-heading\" id=\"cc-m-header-15397067424\">Bitte rufen Sie uns einfach an unter der Telefon-Nummer: 07621 7930 54<br><\/h5>\n\n\n\n<p>Selbstverst\u00e4ndlich kann man aber auch weiterhin seine bestellten Speisen mitnehmen.<\/p>\n\n\n\n<div class=\"wp-block-buttons is-layout-flex wp-block-buttons-is-layout-flex\">\n<div class=\"wp-block-button is-style-outline is-style-outline--1\"><a class=\"wp-block-button__link\" href=\"https:\/\/esvweil.de\/wp\/esv-speisekarte\/\" target=\"_blank\" rel=\"noreferrer noopener\">Speisekarte<\/a><\/div>\n<\/div>\n\n\n\n<div class=\"wp-block-buttons is-layout-flex wp-block-buttons-is-layout-flex\">\n<div class=\"wp-block-button\"><a class=\"wp-block-button__link\" href=\"https:\/\/esvweil.de\/wp\/gaststaette\/img_20210604_194315\/\" target=\"_blank\" rel=\"noreferrer noopener\">\u00d6ffnungszeiten<\/a><\/div>\n<\/div>\n\n\n\n<figure class=\"wp-block-image size-large\"><img decoding=\"async\" src=\"https:\/\/esvweil.de\/wp\/wp-content\/uploads\/2021\/06\/IMG_20210604_194324-1024x722.jpg\" alt=\"\" class=\"wp-image-1569\"\/><\/figure>\n","protected":false},"excerpt":{"rendered":"<p>Seit heute, Dienstag 07. Juni, hat Francos Pizzeria wieder ge\u00f6ffnet. Um den beh\u00f6rdlichen Auflagen gerecht zu werden, hat er bis auf Weiteres t\u00e4glich von 17.00-22.30 Uhr (sonntags bis 22.00 Uhr) [&hellip;]<\/p>\n","protected":false},"author":4,"featured_media":0,"comment_status":"closed","ping_status":"open","sticky":false,"template":"","format":"standard","meta":{"footnotes":""},"categories":[13],"tags":[],"class_list":["post-1004","post","type-post","status-publish","format-standard","hentry","category-informationen","post-preview"],"_links":{"self":[{"href":"https:\/\/esvweil.de\/wp\/wp-json\/wp\/v2\/posts\/1004","targetHints":{"allow":["GET"]}}],"collection":[{"href":"https:\/\/esvweil.de\/wp\/wp-json\/wp\/v2\/posts"}],"about":[{"href":"https:\/\/esvweil.de\/wp\/wp-json\/wp\/v2\/types\/post"}],"author":[{"embeddable":true,"href":"https:\/\/esvweil.de\/wp\/wp-json\/wp\/v2\/users\/4"}],"replies":[{"embeddable":true,"href":"https:\/\/esvweil.de\/wp\/wp-json\/wp\/v2\/comments?post=1004"}],"version-history":[{"count":9,"href":"https:\/\/esvweil.de\/wp\/wp-json\/wp\/v2\/posts\/1004\/revisions"}],"predecessor-version":[{"id":1738,"href":"https:\/\/esvweil.de\/wp\/wp-json\/wp\/v2\/posts\/1004\/revisions\/1738"}],"wp:attachment":[{"href":"https:\/\/esvweil.de\/wp\/wp-json\/wp\/v2\/media?parent=1004"}],"wp:term":[{"taxonomy":"category","embeddable":true,"href":"https:\/\/esvweil.de\/wp\/wp-json\/wp\/v2\/categories?post=1004"},{"taxonomy":"post_tag","embeddable":true,"href":"https:\/\/esvweil.de\/wp\/wp-json\/wp\/v2\/tags?post=1004"}],"curies":[{"name":"wp","href":"https:\/\/api.w.org\/{rel}","templated":true}]}}